{"id":1518,"date":"2025-06-21T18:43:00","date_gmt":"2025-06-21T16:43:00","guid":{"rendered":"https:\/\/aozuerichsee.ch\/?p=1518"},"modified":"2025-09-16T13:53:23","modified_gmt":"2025-09-16T11:53:23","slug":"klang-das-musikfestival-am-zuerichsee-waedenswil-21-juni-2025","status":"publish","type":"post","link":"https:\/\/aozuerichsee.ch\/index.php\/2025\/06\/21\/klang-das-musikfestival-am-zuerichsee-waedenswil-21-juni-2025\/","title":{"rendered":"klang &#8211; das Musikfestival am Z\u00fcrichsee &#8211; W\u00e4denswil 21. Juni 2025"},"content":{"rendered":"\n<div class=\"wp-block-media-text is-stacked-on-mobile\"><figure class=\"wp-block-media-text__media\"><img loading=\"lazy\" decoding=\"async\" width=\"1024\" height=\"683\" src=\"https:\/\/aozuerichsee.ch\/wp-content\/uploads\/2025\/08\/klang-25-15.1-Akkordeon-Orchester-Zurichsee-1024x683.jpg\" alt=\"\" class=\"wp-image-1522 size-full\" srcset=\"https:\/\/aozuerichsee.ch\/wp-content\/uploads\/2025\/08\/klang-25-15.1-Akkordeon-Orchester-Zurichsee-1024x683.jpg 1024w, https:\/\/aozuerichsee.ch\/wp-content\/uploads\/2025\/08\/klang-25-15.1-Akkordeon-Orchester-Zurichsee-300x200.jpg 300w, https:\/\/aozuerichsee.ch\/wp-content\/uploads\/2025\/08\/klang-25-15.1-Akkordeon-Orchester-Zurichsee-768x512.jpg 768w, https:\/\/aozuerichsee.ch\/wp-content\/uploads\/2025\/08\/klang-25-15.1-Akkordeon-Orchester-Zurichsee-1536x1024.jpg 1536w, https:\/\/aozuerichsee.ch\/wp-content\/uploads\/2025\/08\/klang-25-15.1-Akkordeon-Orchester-Zurichsee-2048x1365.jpg 2048w\" sizes=\"auto, (max-width: 1024px) 100vw, 1024px\" \/><\/figure><div class=\"wp-block-media-text__content\">\n<p><a href=\"https:\/\/www.klang-dasfestival.ch\/\">klang \u2013 das Festival<\/a> in W\u00e4denswil lebt nicht nur von den attraktiven Kurzkonzerten im Halbstundentakt, sondern auch von den inspirierenden Begegnungen auf dem Kirchplatz der reformierten Kirche W\u00e4denswil. Am 21. Juni 2025 feierte das Akkordeon-Orchester Z\u00fcrichsee seine Premiere beim Musikfestival und begeisterte das Publikum mit seinem Auftritt.<\/p>\n<\/div><\/div>\n\n\n\n<p>Die Jubil\u00e4umsausgabe von&nbsp;<strong><a href=\"https:\/\/www.klang-dasfestival.ch\/\" data-type=\"link\" data-id=\"https:\/\/www.klang-dasfestival.ch\/\"><em>klang<\/em>&nbsp;&#8211; das Festival<\/a><\/strong>&nbsp;2025 war ein voller Erfolg und zog zahlreiche Musikbegeisterte aus nah und fern an. Das treue Publikum zeigte sich begeistert und genoss die Vielfalt der musikalischen Beitr\u00e4ge in vollen Z\u00fcgen. Bei bestem Wetter &#8211; vielleicht etwas warm &#8211; war der Platz rund um und in der Kirche durchgehend belebt, was viele sch\u00f6ne Begegnungen und einen regen Austausch erm\u00f6glichte.<\/p>\n\n\n\n<style id=\"bwg-style-0\">      #bwg_container1_0 #bwg_container2_0 #bwg_mosaic_thumbnails_div_0 {        width: 100%;        position: relative;        background-color: rgba(255, 255, 255, 0.00);        text-align: center;        justify-content: center;                  margin-left: auto;          margin-right: auto;                    padding-left: 2px;          padding-top: 2px;                }          #bwg_container1_0 #bwg_container2_0 .bwg_mosaic_thumb_spun_0 {        display: block;        position: absolute;\t\t\t\tborder-radius: 0;\t\t\t\tborder: 0px none #CCCCCC;    \t\t    \t\tbackground-color:rgba(0,0,0, 0.30);        -moz-box-sizing: content-box !important;        -webkit-box-sizing: content-box !important;        box-sizing: content-box !important;      }\t\t\t#bwg_container1_0 #bwg_container2_0 .bwg_mosaic_thumb_0 {\t\t\t\tdisplay: block;\t\t\t\t-moz-box-sizing: content-box !important;\t\t\t\t-webkit-box-sizing: content-box !important;\t\t\t\tbox-sizing: content-box !important;\t\t\t\tmargin: 0;\t\t\t\topacity: 1.00;\t\t\t}      #bwg_container1_0 #bwg_container2_0 .bwg_mosaic_thumb_spun_0:hover {        opacity: 1;        backface-visibility: hidden;        -webkit-backface-visibility: hidden;        -moz-backface-visibility: hidden;        -ms-backface-visibility: hidden;        z-index: 102;      }\t     @media only screen and (min-width: 480px) {\t\t#bwg_container1_0 #bwg_container2_0 .bwg-container-0.bwg-mosaic-thumbnails .bwg-item0 img {\t\t\t-webkit-transition: -webkit-transform .3s; transition: transform .3s;\t\t}\t\t#bwg_container1_0 #bwg_container2_0 .bwg-container-0.bwg-mosaic-thumbnails .bwg-item0 img:hover {\t\t\t-ms-transform: scale(1.08);\t\t\t-webkit-transform: scale(1.08);\t\t\ttransform: scale(1.08);\t\t}\t\t      }\t      #bwg_container1_0 #bwg_container2_0 .bwg_mosaic_thumbnails_0 {        background-color: rgba(255, 255, 255, 0.00);        font-size: 0;        position: relative;        text-align: center;        display: inline-block;        visibility: hidden;              }\t  \/*image title styles*\/      #bwg_container1_0 #bwg_container2_0 .bwg_mosaic_title_spun1_0,      #bwg_container1_0 #bwg_container2_0 .bwg-mosaic-thumbnails .bwg_ecommerce_spun1_0 {        position: absolute;        display: block;        opacity: 0;        box-sizing: border-box;        text-align: center;\t\t\t\ttop: 50%;\t\t\t\tleft: 50%;\t\t\t\ttransform: translate(-50%, -50%);      }      #bwg_container1_0 #bwg_container2_0 .bwg-mosaic-thumbnails .bwg_mosaic_title_spun2_0,      #bwg_container1_0 #bwg_container2_0 .bwg-mosaic-thumbnails .bwg_ecommerce_spun2_0 {\t\t    color: #323A45;        font-family: Ubuntu;        font-size: 16px;        font-weight: bold;        text-shadow: ;        vertical-align: middle;        word-wrap: break-word;      }            .bwg_mosaic_play_icon_spun_0 {        display: table;        position: absolute;        left: -10000px;        top: 0px;        opacity: 0;      }      .bwg_mosaic_play_icon_0 {        color: #323A45;        font-size: 32px;        vertical-align: middle;        display: table-cell !important;        z-index: 1;        text-align: center;        margin: 0 auto;      }      #bwg_container1_0 #bwg_container2_0 .bwg_gal_title_0 {        background-color: rgba(0, 0, 0, 0);        color: #323A45;        display: block;        font-family: Ubuntu;        font-size: 16px;        font-weight: bold;        padding: 2px;        text-shadow: ;        text-align: center;      }            @media screen and (max-width: 350px) {      div[class^=\"bwg_mosaic_thumbnails_\"],      span[class^=\"bwg_mosaic_thumb_spun_\"] {      width: 100% !important;      }      img[class^=\"bwg_mosaic_thumb_\"] {      width: 100% !important;      height: auto !important;      margin: 0px auto !important;      }      }      <\/style>    <div id=\"bwg_container1_0\"         class=\"bwg_container bwg_thumbnail bwg_thumbnails_mosaic \"         data-right-click-protection=\"0\"         data-bwg=\"0\"         data-scroll=\"0\"         data-gallery-type=\"thumbnails_mosaic\"         data-gallery-view-type=\"thumbnails_mosaic\"         data-current-url=\"\/index.php\/wp-json\/wp\/v2\/posts\/1518\"         data-lightbox-url=\"https:\/\/aozuerichsee.ch\/wp-admin\/admin-ajax.php?action=GalleryBox&#038;current_view=0&#038;gallery_id=11&#038;tag=0&#038;theme_id=1&#038;shortcode_id=28&#038;sort_by=order&#038;order_by=asc&#038;current_url=%2Findex.php%2Fwp-json%2Fwp%2Fv2%2Fposts%2F1518\"         data-gallery-id=\"11\"         data-popup-width=\"800\"         data-popup-height=\"500\"         data-is-album=\"gallery\"         data-buttons-position=\"bottom\">      <div id=\"bwg_container2_0\">             <div id=\"ajax_loading_0\" class=\"bwg_loading_div_1\">      <div class=\"bwg_loading_div_2\">        <div class=\"bwg_loading_div_3\">          <div id=\"loading_div_0\" class=\"bwg_spider_ajax_loading\">          <\/div>        <\/div>      <\/div>    <\/div>            <form id=\"gal_front_form_0\"              class=\"bwg-hidden\"              method=\"post\"              action=\"#\"              data-current=\"0\"              data-shortcode-id=\"28\"              data-gallery-type=\"thumbnails_mosaic\"              data-gallery-id=\"11\"              data-tag=\"0\"              data-album-id=\"0\"              data-theme-id=\"1\"              data-ajax-url=\"https:\/\/aozuerichsee.ch\/wp-admin\/admin-ajax.php?action=bwg_frontend_data\">          <div id=\"bwg_container3_0\" class=\"bwg-background bwg-background-0\">                <div id=\"bwg_mosaic_thumbnails_div_0\"         class=\"bwg-container-0 bwg-container bwg-mosaic-thumbnails\"         data-bwg=\"0\"         data-mosaic-direction=\"vertical\"         data-resizable=\"0\"         data-width=\"250\"         data-height=\"250\"         data-total-width=\"100\"         data-block-id=\"bwg_thumbnails_mosaic_0\"         data-thumb-padding=\"2\"         data-thumb-border=\"0\"         data-title-margin=\"2px\"         data-image-title=\"none\"         data-play-icon=\"1\"         data-ecommerce-icon=\"none\"         data-gallery-id=\"11\"         data-lightbox-url=\"https:\/\/aozuerichsee.ch\/wp-admin\/admin-ajax.php?action=GalleryBox&#038;current_view=0&#038;gallery_id=11&#038;tag=0&#038;theme_id=1&#038;shortcode_id=28&#038;sort_by=order&#038;order_by=asc&#038;current_url=%2Findex.php%2Fwp-json%2Fwp%2Fv2%2Fposts%2F1518\"         data-mosaic-thumb-transition=\"1\"         style=\"visibility: hidden\" >      <div id=\"bwg_thumbnails_mosaic_0\" class=\"bwg_mosaic_thumbnails_0\">                  <a  class=\"bwg-a bwg_lightbox bwg_lightbox_0\" href=\"https:\/\/aozuerichsee.ch\/wp-content\/uploads\/photo-gallery\/2025_Juni_Klang_Musikfestival_Waedenswil\/20250621-0C3A0890.jpg?bwg=1758023395\" data-image-id=\"441\" data-elementor-open-lightbox=\"no\">          <div class=\"bwg_mosaic_thumb_spun_0 bwg-item0 bwg-mosaic-thumb-span \">            <img decoding=\"async\" class=\"bwg_mosaic_thumb_0 skip-lazy bwg_img_clear bwg_img_custom  bwg_lazyload lazy_loader \"                 id=\"441\"                 src=\"https:\/\/aozuerichsee.ch\/wp-content\/plugins\/photo-gallery\/images\/lazy_placeholder.gif\"                 data-src=\"https:\/\/aozuerichsee.ch\/wp-content\/uploads\/photo-gallery\/2025_Juni_Klang_Musikfestival_Waedenswil\/thumb\/20250621-0C3A0890.jpg?bwg=1758023395\"                 data-width=\"333.00\"                 data-height=\"500.00\"                 alt=\"\"                 title=\"\" \/>                      <\/div>        <\/a>                <a  class=\"bwg-a bwg_lightbox bwg_lightbox_0\" href=\"https:\/\/aozuerichsee.ch\/wp-content\/uploads\/photo-gallery\/2025_Juni_Klang_Musikfestival_Waedenswil\/20250621-0C3A0868.jpg?bwg=1758023395\" data-image-id=\"436\" data-elementor-open-lightbox=\"no\">          <div class=\"bwg_mosaic_thumb_spun_0 bwg-item0 bwg-mosaic-thumb-span \">            <img decoding=\"async\" class=\"bwg_mosaic_thumb_0 skip-lazy bwg_img_clear bwg_img_custom  bwg_lazyload lazy_loader \"                 id=\"436\"                 src=\"https:\/\/aozuerichsee.ch\/wp-content\/plugins\/photo-gallery\/images\/lazy_placeholder.gif\"                 data-src=\"https:\/\/aozuerichsee.ch\/wp-content\/uploads\/photo-gallery\/2025_Juni_Klang_Musikfestival_Waedenswil\/thumb\/20250621-0C3A0868.jpg?bwg=1758023395\"                 data-width=\"500.00\"                 data-height=\"333.00\"                 alt=\"\"                 title=\"\" \/>                      <\/div>        <\/a>                <a  class=\"bwg-a bwg_lightbox bwg_lightbox_0\" href=\"https:\/\/aozuerichsee.ch\/wp-content\/uploads\/photo-gallery\/2025_Juni_Klang_Musikfestival_Waedenswil\/20250621-0C3A0872.jpg?bwg=1758023395\" data-image-id=\"435\" data-elementor-open-lightbox=\"no\">          <div class=\"bwg_mosaic_thumb_spun_0 bwg-item0 bwg-mosaic-thumb-span \">            <img decoding=\"async\" class=\"bwg_mosaic_thumb_0 skip-lazy bwg_img_clear bwg_img_custom  bwg_lazyload lazy_loader \"                 id=\"435\"                 src=\"https:\/\/aozuerichsee.ch\/wp-content\/plugins\/photo-gallery\/images\/lazy_placeholder.gif\"                 data-src=\"https:\/\/aozuerichsee.ch\/wp-content\/uploads\/photo-gallery\/2025_Juni_Klang_Musikfestival_Waedenswil\/thumb\/20250621-0C3A0872.jpg?bwg=1758023395\"                 data-width=\"500.00\"                 data-height=\"333.00\"                 alt=\"\"                 title=\"\" \/>                      <\/div>        <\/a>                <a  class=\"bwg-a bwg_lightbox bwg_lightbox_0\" href=\"https:\/\/aozuerichsee.ch\/wp-content\/uploads\/photo-gallery\/2025_Juni_Klang_Musikfestival_Waedenswil\/klang-25-15.1-Akkordeon-Orchester-Zurichsee.jpg?bwg=1755275673\" data-image-id=\"434\" data-elementor-open-lightbox=\"no\">          <div class=\"bwg_mosaic_thumb_spun_0 bwg-item0 bwg-mosaic-thumb-span \">            <img decoding=\"async\" class=\"bwg_mosaic_thumb_0 skip-lazy bwg_img_clear bwg_img_custom  bwg_lazyload lazy_loader \"                 id=\"434\"                 src=\"https:\/\/aozuerichsee.ch\/wp-content\/plugins\/photo-gallery\/images\/lazy_placeholder.gif\"                 data-src=\"https:\/\/aozuerichsee.ch\/wp-content\/uploads\/photo-gallery\/2025_Juni_Klang_Musikfestival_Waedenswil\/thumb\/klang-25-15.1-Akkordeon-Orchester-Zurichsee.jpg?bwg=1755275673\"                 data-width=\"500.00\"                 data-height=\"333.00\"                 alt=\"\"                 title=\"\" \/>                      <\/div>        <\/a>                <a  class=\"bwg-a bwg_lightbox bwg_lightbox_0\" href=\"https:\/\/aozuerichsee.ch\/wp-content\/uploads\/photo-gallery\/2025_Juni_Klang_Musikfestival_Waedenswil\/20250621-0C3A0882.jpg?bwg=1758023395\" data-image-id=\"440\" data-elementor-open-lightbox=\"no\">          <div class=\"bwg_mosaic_thumb_spun_0 bwg-item0 bwg-mosaic-thumb-span \">            <img decoding=\"async\" class=\"bwg_mosaic_thumb_0 skip-lazy bwg_img_clear bwg_img_custom  bwg_lazyload lazy_loader \"                 id=\"440\"                 src=\"https:\/\/aozuerichsee.ch\/wp-content\/plugins\/photo-gallery\/images\/lazy_placeholder.gif\"                 data-src=\"https:\/\/aozuerichsee.ch\/wp-content\/uploads\/photo-gallery\/2025_Juni_Klang_Musikfestival_Waedenswil\/thumb\/20250621-0C3A0882.jpg?bwg=1758023395\"                 data-width=\"500.00\"                 data-height=\"333.00\"                 alt=\"\"                 title=\"\" \/>                      <\/div>        <\/a>                <a  class=\"bwg-a bwg_lightbox bwg_lightbox_0\" href=\"https:\/\/aozuerichsee.ch\/wp-content\/uploads\/photo-gallery\/2025_Juni_Klang_Musikfestival_Waedenswil\/20250621-0C3A0896.jpg?bwg=1758023395\" data-image-id=\"443\" data-elementor-open-lightbox=\"no\">          <div class=\"bwg_mosaic_thumb_spun_0 bwg-item0 bwg-mosaic-thumb-span \">            <img decoding=\"async\" class=\"bwg_mosaic_thumb_0 skip-lazy bwg_img_clear bwg_img_custom  bwg_lazyload lazy_loader \"                 id=\"443\"                 src=\"https:\/\/aozuerichsee.ch\/wp-content\/plugins\/photo-gallery\/images\/lazy_placeholder.gif\"                 data-src=\"https:\/\/aozuerichsee.ch\/wp-content\/uploads\/photo-gallery\/2025_Juni_Klang_Musikfestival_Waedenswil\/thumb\/20250621-0C3A0896.jpg?bwg=1758023395\"                 data-width=\"333.00\"                 data-height=\"500.00\"                 alt=\"\"                 title=\"\" \/>                      <\/div>        <\/a>                <a  class=\"bwg-a bwg_lightbox bwg_lightbox_0\" href=\"https:\/\/aozuerichsee.ch\/wp-content\/uploads\/photo-gallery\/2025_Juni_Klang_Musikfestival_Waedenswil\/20250621-0C3A0815.jpg?bwg=1758023395\" data-image-id=\"437\" data-elementor-open-lightbox=\"no\">          <div class=\"bwg_mosaic_thumb_spun_0 bwg-item0 bwg-mosaic-thumb-span \">            <img decoding=\"async\" class=\"bwg_mosaic_thumb_0 skip-lazy bwg_img_clear bwg_img_custom  bwg_lazyload lazy_loader \"                 id=\"437\"                 src=\"https:\/\/aozuerichsee.ch\/wp-content\/plugins\/photo-gallery\/images\/lazy_placeholder.gif\"                 data-src=\"https:\/\/aozuerichsee.ch\/wp-content\/uploads\/photo-gallery\/2025_Juni_Klang_Musikfestival_Waedenswil\/thumb\/20250621-0C3A0815.jpg?bwg=1758023395\"                 data-width=\"333.00\"                 data-height=\"500.00\"                 alt=\"\"                 title=\"\" \/>                      <\/div>        <\/a>                <a  class=\"bwg-a bwg_lightbox bwg_lightbox_0\" href=\"https:\/\/aozuerichsee.ch\/wp-content\/uploads\/photo-gallery\/2025_Juni_Klang_Musikfestival_Waedenswil\/20250621-0C3A0829.jpg?bwg=1758023395\" data-image-id=\"438\" data-elementor-open-lightbox=\"no\">          <div class=\"bwg_mosaic_thumb_spun_0 bwg-item0 bwg-mosaic-thumb-span \">            <img decoding=\"async\" class=\"bwg_mosaic_thumb_0 skip-lazy bwg_img_clear bwg_img_custom  bwg_lazyload lazy_loader \"                 id=\"438\"                 src=\"https:\/\/aozuerichsee.ch\/wp-content\/plugins\/photo-gallery\/images\/lazy_placeholder.gif\"                 data-src=\"https:\/\/aozuerichsee.ch\/wp-content\/uploads\/photo-gallery\/2025_Juni_Klang_Musikfestival_Waedenswil\/thumb\/20250621-0C3A0829.jpg?bwg=1758023395\"                 data-width=\"333.00\"                 data-height=\"500.00\"                 alt=\"\"                 title=\"\" \/>                      <\/div>        <\/a>                <a  class=\"bwg-a bwg_lightbox bwg_lightbox_0\" href=\"https:\/\/aozuerichsee.ch\/wp-content\/uploads\/photo-gallery\/2025_Juni_Klang_Musikfestival_Waedenswil\/20250621-0C3A0826.jpg?bwg=1758023395\" data-image-id=\"439\" data-elementor-open-lightbox=\"no\">          <div class=\"bwg_mosaic_thumb_spun_0 bwg-item0 bwg-mosaic-thumb-span \">            <img decoding=\"async\" class=\"bwg_mosaic_thumb_0 skip-lazy bwg_img_clear bwg_img_custom  bwg_lazyload lazy_loader \"                 id=\"439\"                 src=\"https:\/\/aozuerichsee.ch\/wp-content\/plugins\/photo-gallery\/images\/lazy_placeholder.gif\"                 data-src=\"https:\/\/aozuerichsee.ch\/wp-content\/uploads\/photo-gallery\/2025_Juni_Klang_Musikfestival_Waedenswil\/thumb\/20250621-0C3A0826.jpg?bwg=1758023395\"                 data-width=\"333.00\"                 data-height=\"500.00\"                 alt=\"\"                 title=\"\" \/>                      <\/div>        <\/a>                <a  class=\"bwg-a bwg_lightbox bwg_lightbox_0\" href=\"https:\/\/aozuerichsee.ch\/wp-content\/uploads\/photo-gallery\/2025_Juni_Klang_Musikfestival_Waedenswil\/20250621-0C3A0946.jpg?bwg=1758023395\" data-image-id=\"442\" data-elementor-open-lightbox=\"no\">          <div class=\"bwg_mosaic_thumb_spun_0 bwg-item0 bwg-mosaic-thumb-span \">            <img decoding=\"async\" class=\"bwg_mosaic_thumb_0 skip-lazy bwg_img_clear bwg_img_custom  bwg_lazyload lazy_loader \"                 id=\"442\"                 src=\"https:\/\/aozuerichsee.ch\/wp-content\/plugins\/photo-gallery\/images\/lazy_placeholder.gif\"                 data-src=\"https:\/\/aozuerichsee.ch\/wp-content\/uploads\/photo-gallery\/2025_Juni_Klang_Musikfestival_Waedenswil\/thumb\/20250621-0C3A0946.jpg?bwg=1758023395\"                 data-width=\"500.00\"                 data-height=\"333.00\"                 alt=\"\"                 title=\"\" \/>                      <\/div>        <\/a>                <a  class=\"bwg-a bwg_lightbox bwg_lightbox_0\" href=\"https:\/\/aozuerichsee.ch\/wp-content\/uploads\/photo-gallery\/2025_Juni_Klang_Musikfestival_Waedenswil\/20250621-0C3A0958.jpg?bwg=1758023395\" data-image-id=\"444\" data-elementor-open-lightbox=\"no\">          <div class=\"bwg_mosaic_thumb_spun_0 bwg-item0 bwg-mosaic-thumb-span \">            <img decoding=\"async\" class=\"bwg_mosaic_thumb_0 skip-lazy bwg_img_clear bwg_img_custom  bwg_lazyload lazy_loader \"                 id=\"444\"                 src=\"https:\/\/aozuerichsee.ch\/wp-content\/plugins\/photo-gallery\/images\/lazy_placeholder.gif\"                 data-src=\"https:\/\/aozuerichsee.ch\/wp-content\/uploads\/photo-gallery\/2025_Juni_Klang_Musikfestival_Waedenswil\/thumb\/20250621-0C3A0958.jpg?bwg=1758023395\"                 data-width=\"500.00\"                 data-height=\"333.00\"                 alt=\"\"                 title=\"\" \/>                      <\/div>        <\/a>            <\/div>    <\/div>    <style>      \/*pagination styles*\/      #bwg_container1_0 #bwg_container2_0 .tablenav-pages_0 {\t\t\t\ttext-align: center;\t\t\t\tfont-size: 12px;\t\t\t\tfont-family: Ubuntu;\t\t\t\tfont-weight: bold;\t\t\t\tcolor: #666666;\t\t\t\tmargin: 6px 0 4px;\t\t\t\tdisplay: block;      }      @media only screen and (max-width : 320px) {      #bwg_container1_0 #bwg_container2_0 .displaying-num_0 {     \t display: none;      }      }      #bwg_container1_0 #bwg_container2_0 .displaying-num_0 {\t\t\t\tfont-size: 12px;\t\t\t\tfont-family: Ubuntu;\t\t\t\tfont-weight: bold;\t\t\t\tcolor: #666666;\t\t\t\tmargin-right: 10px;\t\t\t\tvertical-align: middle;      }      #bwg_container1_0 #bwg_container2_0 .paging-input_0 {\t\t\t\tfont-size: 12px;\t\t\t\tfont-family: Ubuntu;\t\t\t\tfont-weight: bold;\t\t\t\tcolor: #666666;\t\t\t\tvertical-align: middle;      }      #bwg_container1_0 #bwg_container2_0 .tablenav-pages_0 a.disabled,      #bwg_container1_0 #bwg_container2_0 .tablenav-pages_0 a.disabled:hover,      #bwg_container1_0 #bwg_container2_0 .tablenav-pages_0 a.disabled:focus,\t\t\t#bwg_container1_0 #bwg_container2_0 .tablenav-pages_0 input.bwg_current_page {\t\t\t\tcursor: default;\t\t\t\tcolor: rgba(102, 102, 102, 0.5);      }      #bwg_container1_0 #bwg_container2_0 .tablenav-pages_0 a,      #bwg_container1_0 #bwg_container2_0 .tablenav-pages_0 input.bwg_current_page {\t\t\t\tcursor: pointer;\t\t\t\ttext-align: center;\t\t\t\tfont-size: 12px;\t\t\t\tfont-family: Ubuntu;\t\t\t\tfont-weight: bold;\t\t\t\tcolor: #666666;\t\t\t\ttext-decoration: none;\t\t\t\tpadding: 3px 6px;\t\t\t\tmargin: 0;\t\t\t\tborder-radius: 0;\t\t\t\tborder-style: solid;\t\t\t\tborder-width: 1px;\t\t\t\tborder-color: #E3E3E3;\t\t\t\t\t\t\t\tbackground-color: rgba(255, 255, 255, 1.00);\t\t\t\tbox-shadow: 0;\t\t\t\ttransition: all 0.3s ease 0s;-webkit-transition: all 0.3s ease 0s;      }      <\/style>      <span class=\"bwg_nav_cont_0\">              <div class=\"tablenav-pages_0\">                  <\/div>                <input type=\"hidden\" id=\"page_number_0\" name=\"page_number_0\" value=\"1\" \/>      <script type=\"text\/javascript\">        if( jQuery('.bwg_nav_cont_0').length > 1 ) {          jQuery('.bwg_nav_cont_0').first().remove()        }        function spider_page_0(cur, x, y, load_more) {          if (typeof load_more == \"undefined\") {            var load_more = false;          }          if (jQuery(cur).hasClass('disabled')) {            return false;          }          var items_county_0 = 1;          switch (y) {            case 1:              if (x >= items_county_0) {                document.getElementById('page_number_0').value = items_county_0;              }              else {                document.getElementById('page_number_0').value = x + 1;              }              break;            case 2:              document.getElementById('page_number_0').value = items_county_0;              break;            case -1:              if (x == 1) {                document.getElementById('page_number_0').value = 1;              }              else {                document.getElementById('page_number_0').value = x - 1;              }              break;            case -2:              document.getElementById('page_number_0').value = 1;              break;\t\t\t\t\t\tcase 0:              document.getElementById('page_number_0').value = x;              break;            default:              document.getElementById('page_number_0').value = 1;          }          bwg_ajax('gal_front_form_0', '0', 'bwg_thumbnails_mosaic_0', '0', '', 'gallery', 0, '', '', load_more, '', 1);        }                    jQuery('.first-page-0').on('click', function () {              spider_page_0(this, 1, -2, 'numeric');              return false;            });            jQuery('.prev-page-0').on('click', function () {              spider_page_0(this, 1, -1, 'numeric');              return false;            });            jQuery('.next-page-0').on('click', function () {              spider_page_0(this, 1, 1, 'numeric');              return false;            });            jQuery('.last-page-0').on('click', function () {              spider_page_0(this, 1, 2, 'numeric');              return false;            });        \t\t\t\t\/* Change page on input enter. *\/        function bwg_change_page_0( e, that ) {          if (  e.key == 'Enter' ) {            var to_page = parseInt(jQuery(that).val());            var pages_count = jQuery(that).parents(\".pagination-links\").data(\"pages-count\");            var current_url_param = jQuery(that).attr('data-url-info');            if (to_page > pages_count) {              to_page = 1;            }\t \t\t\t\t\t\t\t\t\t\t\t\tspider_page_0(this, to_page, 0, 'numeric');\t\t\t\t\t\t\treturn false;\t\t\t\t\t\t          }          return true;        }        jQuery('.bwg_load_btn_0').on('click', function () {            spider_page_0(this, 1, 1, true);            return false;        });      <\/script>      <\/span>                <\/div>        <\/form>        <style>          #bwg_container1_0 #bwg_container2_0 #spider_popup_overlay_0 {          background-color: #EEEEEE;          opacity: 0.60;          }          <\/style>        <div id=\"bwg_spider_popup_loading_0\" class=\"bwg_spider_popup_loading\"><\/div>        <div id=\"spider_popup_overlay_0\" class=\"spider_popup_overlay\" onclick=\"spider_destroypopup(1000)\"><\/div>        <input type=\"hidden\" id=\"bwg_random_seed_0\" value=\"2147158562\">                <\/div>    <\/div>    <script>      if (document.readyState === 'complete') {        if( typeof bwg_main_ready == 'function' ) {          if ( jQuery(\"#bwg_container1_0\").height() ) {            bwg_main_ready(jQuery(\"#bwg_container1_0\"));          }        }      } else {        document.addEventListener('DOMContentLoaded', function() {          if( typeof bwg_main_ready == 'function' ) {            if ( jQuery(\"#bwg_container1_0\").height() ) {             bwg_main_ready(jQuery(\"#bwg_container1_0\"));            }          }        });      }    <\/script>    \n\n\n\n<p><\/p>\n","protected":false},"excerpt":{"rendered":"<p>klang \u2013 das Festival in W\u00e4denswil lebt nicht nur von den attraktiven Kurzkonzerten im Halbstundentakt, sondern auch von den inspirierenden Begegnungen auf dem Kirchplatz der reformierten Kirche W\u00e4denswil. Am 21. Juni 2025 feierte das Akkordeon-Orchester Z\u00fcrichsee seine Premiere beim Musikfestival und begeisterte das Publikum mit seinem Auftritt. Die Jubil\u00e4umsausgabe von&nbsp;klang&nbsp;&#8211; das Festival&nbsp;2025 war ein voller&hellip;<\/p>\n","protected":false},"author":3,"featured_media":0,"comment_status":"closed","ping_status":"open","sticky":false,"template":"","format":"standard","meta":{"activitypub_content_warning":"","activitypub_content_visibility":"","activitypub_max_image_attachments":3,"activitypub_interaction_policy_quote":"anyone","activitypub_status":"federated","footnotes":""},"categories":[1],"tags":[],"class_list":["post-1518","post","type-post","status-publish","format-standard","hentry","category-allgemein"],"_links":{"self":[{"href":"https:\/\/aozuerichsee.ch\/index.php\/wp-json\/wp\/v2\/posts\/1518","targetHints":{"allow":["GET"]}}],"collection":[{"href":"https:\/\/aozuerichsee.ch\/index.php\/wp-json\/wp\/v2\/posts"}],"about":[{"href":"https:\/\/aozuerichsee.ch\/index.php\/wp-json\/wp\/v2\/types\/post"}],"author":[{"embeddable":true,"href":"https:\/\/aozuerichsee.ch\/index.php\/wp-json\/wp\/v2\/users\/3"}],"replies":[{"embeddable":true,"href":"https:\/\/aozuerichsee.ch\/index.php\/wp-json\/wp\/v2\/comments?post=1518"}],"version-history":[{"count":6,"href":"https:\/\/aozuerichsee.ch\/index.php\/wp-json\/wp\/v2\/posts\/1518\/revisions"}],"predecessor-version":[{"id":1540,"href":"https:\/\/aozuerichsee.ch\/index.php\/wp-json\/wp\/v2\/posts\/1518\/revisions\/1540"}],"wp:attachment":[{"href":"https:\/\/aozuerichsee.ch\/index.php\/wp-json\/wp\/v2\/media?parent=1518"}],"wp:term":[{"taxonomy":"category","embeddable":true,"href":"https:\/\/aozuerichsee.ch\/index.php\/wp-json\/wp\/v2\/categories?post=1518"},{"taxonomy":"post_tag","embeddable":true,"href":"https:\/\/aozuerichsee.ch\/index.php\/wp-json\/wp\/v2\/tags?post=1518"}],"curies":[{"name":"wp","href":"https:\/\/api.w.org\/{rel}","templated":true}]}}